{"@context":{"dc":"http:\/\/purl.org\/dc\/elements\/1.1\/","skos":"http:\/\/www.w3.org\/2004\/02\/skos\/core#","skos:broader":{"@type":"@id"},"skos:inScheme":{"@type":"@id"},"skos:related":{"@type":"@id"},"skos:narrower":{"@type":"@id"},"skos:hasTopConcept":{"@type":"@id"},"skos:topConceptOf":{"@type":"@id"}},"@id":"https:\/\/www.twse.info\/vocab\/skos\/767","@type":"skos:Concept","skos:prefLabel":{"@language":"de","@value=":"Demobilisierung"},"skos:inScheme":"https:\/\/www.twse.info\/vocab\/","dct:created":"1997-01-01 00:00:00","skos:scopeNote":[{"@lang":"de","@value":"\u00dcberf\u00fchrung von Milit\u00e4rpersonen in das Zivilleben "}],"skos:historyNote":[{"@lang":"de","@value":"1997 "}],"skos:broader":["https:\/\/www.twse.info\/vocab\/skos\/4","https:\/\/www.twse.info\/vocab\/skos\/1275","https:\/\/www.twse.info\/vocab\/skos\/3173"],"skos:related":["https:\/\/www.twse.info\/vocab\/skos\/138","https:\/\/www.twse.info\/vocab\/skos\/964","https:\/\/www.twse.info\/vocab\/skos\/1923","https:\/\/www.twse.info\/vocab\/skos\/1951","https:\/\/www.twse.info\/vocab\/skos\/2073","https:\/\/www.twse.info\/vocab\/skos\/2469","https:\/\/www.twse.info\/vocab\/skos\/2960","https:\/\/www.twse.info\/vocab\/skos\/3036"]}