{"tema_id":"8431","string":"Politique \u00e0 l'\u00e9gard des minorit\u00e9s","created":"1966-01-01 00:00:00","code":null}