{"tema_id":"767","string":"Demobilisierung","created":"1997-01-01 00:00:00","code":null,"notes":[{"@type":"Scope note","@lang":"de","@value":"\u00dcberf\u00fchrung von Milit\u00e4rpersonen in das Zivilleben "},{"@type":"Entstehungsgeschichte","@lang":"de","@value":"1997 "}]}