{"tema_id":"7214","string":"Relations entre la f\u00e9d\u00e9ration et les \u00e9tats f\u00e9d\u00e9r\u00e9s","created":"1979-01-01 00:00:00","code":null}