{"tema_id":"7180","string":"Minist\u00e8re f\u00e9d\u00e9ral de la coop\u00e9ration \u00e9conomique et du d\u00e9veloppement","created":"1982-01-01 00:00:00","code":null}